{"id":671,"date":"2014-01-30T12:23:40","date_gmt":"2014-01-30T12:23:40","guid":{"rendered":"http:\/\/www.cuore-vita.sm\/giornata-mondiale-per-il-cuore-29-settembre-2014-2\/"},"modified":"2015-04-28T16:09:01","modified_gmt":"2015-04-28T15:09:01","slug":"giornata-mondiale-per-il-cuore-29-settembre-2014","status":"publish","type":"post","link":"https:\/\/www.cuore-vita.sm\/en\/giornata-mondiale-per-il-cuore-29-settembre-2014\/","title":{"rendered":"Giornata Mondiale per il Cuore 29 Settembre 2014"},"content":{"rendered":"<p>L\u2019 Associazione Cuore-Vita celebra la Giornata Mondiale per il Cuore, che quest\u2019anno ha raggiunto la tredicesima edizione, con l\u2019obiettivo di una sempre maggiore diffusione e crescita sul nostro territorio della cultura della prevenzione in campo medico. Mi sia concesso ringraziare codesta Segreteria di Stato per aver sostenuto questa nostra iniziativa, come \u00e8 avvenuto anche negli gli anni passati. La prevenzione diventa un dovere verso noi stessi e deve esserlo in ogni momento: non a caso lo slogan che appare sul poster celebrativo della Giornata Mondiale per il Cuore di quest\u2019anno dice \u201cFai le scelte giuste per il tuo cuore\u201d La nostra Associazione da alcuni anni promuove un programma di prevenzione con stili di vita corretti con particolare attenzione alle donne e ai giovani perch\u00e8 siamo convinti che uno stile di vita sano fin da giovane serve a costruire la salute dell\u2019adulto di domani. Il poster di Cuore-Vita, realizzato dal dott.Emidio Troiani membro del nostro Comitato Scientifico, patrocinato dalla Segreteria di Stato per la Sanit\u00e0 e Sicurezza Sociale e sponsorizzato dalla Banca Agricola Commerciale riporta, come ho gi\u00e0 detto, il motto \u201cFai le scelte giuste per il tuo cuore\u201d, invito rivolto a tutti noi allo scopo di sensibilizzarci alla necessit\u00e0 di prenderci cura del proprio cuore, circondandoci di amici del cuore: una casa amica del cuore, una comunit\u00e0 amica del cuore, tutta la Repubblica amica del cuore. Il poster sar\u00e0 affisso presso l\u2019Ospedale, nei Centri di Salute, nelle Scuole, nei Centri commerciali. Cuore-Vita scender\u00e0 poi in campo il 29 Settembre con una sua postazione presso il Centro Atlante dalle ore 14.30 alle 17.30 con il supporto dell\u2019UOC Cure Primarie e Salute Territoriale e dell\u2019UOSD(unit\u00e0 organizzativa semplice dipartimentale) Servizio Dietologico della Nostra Repubblica. A disposizione dei visitatori saranno effettuati, dai sanitari presenti, test gratuiti per la misurazione della pressione, della glicemia ed inoltre dispenseranno utili consigli sul rischio cardiovascolare e sull\u2019importanza di una vita salutare con l\u2019invito a rivedere atteggiamenti e costumi dannosi per la nostra salute, il che non significa condurre una vita monacale, ma solo volersi un p\u00f2 pi\u00f9 di bene&#8230;. facendo le scelte giuste per il proprio cuore!<\/p>\n\n\t\t<style type=\"text\/css\">\n\t\t\t#gallery-1 {\n\t\t\t\tmargin: auto;\n\t\t\t}\n\t\t\t#gallery-1 .gallery-item {\n\t\t\t\tfloat: left;\n\t\t\t\tmargin-top: 10px;\n\t\t\t\ttext-align: center;\n\t\t\t\twidth: 33%;\n\t\t\t}\n\t\t\t#gallery-1 img {\n\t\t\t\tborder: 2px solid #cfcfcf;\n\t\t\t}\n\t\t\t#gallery-1 .gallery-caption {\n\t\t\t\tmargin-left: 0;\n\t\t\t}\n\t\t\t\/* see gallery_shortcode() in wp-includes\/media.php *\/\n\t\t<\/style>\n\t\t<div id='gallery-1' class='gallery galleryid-671 gallery-columns-3 gallery-size-thumbnail'><dl class='gallery-item'>\n\t\t\t<dt class='gallery-icon portrait'>\n\t\t\t\t<a href='https:\/\/www.cuore-vita.sm\/wp-content\/uploads\/2015\/01\/Schermata-2015-01-30-alle-13.22.51.png'><img loading=\"lazy\" decoding=\"async\" width=\"150\" height=\"150\" src=\"https:\/\/www.cuore-vita.sm\/wp-content\/uploads\/2015\/01\/Schermata-2015-01-30-alle-13.22.51-150x150.png\" class=\"attachment-thumbnail size-thumbnail\" alt=\"\" \/><\/a>\n\t\t\t<\/dt><\/dl><dl class='gallery-item'>\n\t\t\t<dt class='gallery-icon portrait'>\n\t\t\t\t<a href='https:\/\/www.cuore-vita.sm\/wp-content\/uploads\/2015\/01\/Schermata-2015-01-30-alle-13.23.01.png'><img loading=\"lazy\" decoding=\"async\" width=\"150\" height=\"150\" src=\"https:\/\/www.cuore-vita.sm\/wp-content\/uploads\/2015\/01\/Schermata-2015-01-30-alle-13.23.01-150x150.png\" class=\"attachment-thumbnail size-thumbnail\" alt=\"\" \/><\/a>\n\t\t\t<\/dt><\/dl><dl class='gallery-item'>\n\t\t\t<dt class='gallery-icon portrait'>\n\t\t\t\t<a href='https:\/\/www.cuore-vita.sm\/wp-content\/uploads\/2015\/01\/Schermata-2015-01-30-alle-13.23.07.png'><img loading=\"lazy\" decoding=\"async\" width=\"150\" height=\"150\" src=\"https:\/\/www.cuore-vita.sm\/wp-content\/uploads\/2015\/01\/Schermata-2015-01-30-alle-13.23.07-150x150.png\" class=\"attachment-thumbnail size-thumbnail\" alt=\"\" \/><\/a>\n\t\t\t<\/dt><\/dl><br style=\"clear: both\" \/><dl class='gallery-item'>\n\t\t\t<dt class='gallery-icon landscape'>\n\t\t\t\t<a href='https:\/\/www.cuore-vita.sm\/wp-content\/uploads\/2015\/01\/Schermata-2015-01-30-alle-13.23.13.png'><img loading=\"lazy\" decoding=\"async\" width=\"150\" height=\"150\" src=\"https:\/\/www.cuore-vita.sm\/wp-content\/uploads\/2015\/01\/Schermata-2015-01-30-alle-13.23.13-150x150.png\" class=\"attachment-thumbnail size-thumbnail\" alt=\"\" \/><\/a>\n\t\t\t<\/dt><\/dl><dl class='gallery-item'>\n\t\t\t<dt class='gallery-icon landscape'>\n\t\t\t\t<a href='https:\/\/www.cuore-vita.sm\/wp-content\/uploads\/2015\/01\/Schermata-2015-01-30-alle-13.23.20.png'><img loading=\"lazy\" decoding=\"async\" width=\"150\" height=\"150\" src=\"https:\/\/www.cuore-vita.sm\/wp-content\/uploads\/2015\/01\/Schermata-2015-01-30-alle-13.23.20-150x150.png\" class=\"attachment-thumbnail size-thumbnail\" alt=\"\" \/><\/a>\n\t\t\t<\/dt><\/dl><dl class='gallery-item'>\n\t\t\t<dt class='gallery-icon landscape'>\n\t\t\t\t<a href='https:\/\/www.cuore-vita.sm\/wp-content\/uploads\/2015\/01\/Schermata-2015-01-30-alle-13.23.27.png'><img loading=\"lazy\" decoding=\"async\" width=\"150\" height=\"150\" src=\"https:\/\/www.cuore-vita.sm\/wp-content\/uploads\/2015\/01\/Schermata-2015-01-30-alle-13.23.27-150x150.png\" class=\"attachment-thumbnail size-thumbnail\" alt=\"\" \/><\/a>\n\t\t\t<\/dt><\/dl><br style=\"clear: both\" \/>\n\t\t<\/div>\n\n","protected":false},"excerpt":{"rendered":"<p>L\u2019 Associazione Cuore-Vita celebra la Giornata Mondiale per il Cuore, che quest\u2019anno ha raggiunto la tredicesima edizione, con l\u2019obiettivo di una sempre maggiore diffusione e crescita sul nostro territorio della cultura della prevenzione in campo medico. Mi sia concesso ringraziare codesta Segreteria di Stato per aver sostenuto questa nostra iniziativa, come \u00e8 avvenuto anche negli &hellip;<\/p>\n","protected":false},"author":1,"featured_media":310,"comment_status":"open","ping_status":"open","sticky":false,"template":"","format":"standard","meta":{"_acf_changed":false,"footnotes":""},"categories":[54,51],"tags":[],"class_list":["post-671","post","type-post","status-publish","format-standard","has-post-thumbnail","hentry","category-2014-events-and-press-releases","category-events-and-press-releases"],"acf":[],"_links":{"self":[{"href":"https:\/\/www.cuore-vita.sm\/en\/wp-json\/wp\/v2\/posts\/671","targetHints":{"allow":["GET"]}}],"collection":[{"href":"https:\/\/www.cuore-vita.sm\/en\/wp-json\/wp\/v2\/posts"}],"about":[{"href":"https:\/\/www.cuore-vita.sm\/en\/wp-json\/wp\/v2\/types\/post"}],"author":[{"embeddable":true,"href":"https:\/\/www.cuore-vita.sm\/en\/wp-json\/wp\/v2\/users\/1"}],"replies":[{"embeddable":true,"href":"https:\/\/www.cuore-vita.sm\/en\/wp-json\/wp\/v2\/comments?post=671"}],"version-history":[{"count":1,"href":"https:\/\/www.cuore-vita.sm\/en\/wp-json\/wp\/v2\/posts\/671\/revisions"}],"predecessor-version":[{"id":672,"href":"https:\/\/www.cuore-vita.sm\/en\/wp-json\/wp\/v2\/posts\/671\/revisions\/672"}],"wp:featuredmedia":[{"embeddable":true,"href":"https:\/\/www.cuore-vita.sm\/en\/wp-json\/wp\/v2\/media\/310"}],"wp:attachment":[{"href":"https:\/\/www.cuore-vita.sm\/en\/wp-json\/wp\/v2\/media?parent=671"}],"wp:term":[{"taxonomy":"category","embeddable":true,"href":"https:\/\/www.cuore-vita.sm\/en\/wp-json\/wp\/v2\/categories?post=671"},{"taxonomy":"post_tag","embeddable":true,"href":"https:\/\/www.cuore-vita.sm\/en\/wp-json\/wp\/v2\/tags?post=671"}],"curies":[{"name":"wp","href":"https:\/\/api.w.org\/{rel}","templated":true}]}}